{"id":15505,"date":"2025-05-08T08:30:46","date_gmt":"2025-05-08T12:30:46","guid":{"rendered":"https:\/\/jhs.com.ve\/site\/?p=15505"},"modified":"2025-05-06T13:46:42","modified_gmt":"2025-05-06T17:46:42","slug":"liderar-con-responsabilidad-en-tiempos-dificiles","status":"publish","type":"post","link":"https:\/\/jhs.com.ve\/site\/liderar-con-responsabilidad-en-tiempos-dificiles\/","title":{"rendered":"Liderar con responsabilidad en tiempos dif\u00edciles"},"content":{"rendered":"<h2 style=\"text-align: center;\"><strong>Liderar con responsabilidad en tiempos dif\u00edciles<\/strong><\/h2>\n<p style=\"text-align: justify;\"><span style=\"font-size: 14pt; color: #000000;\">En momentos de incertidumbre, es crucial que los l\u00edderes empresariales <strong>adopten un enfoque estrat\u00e9gico<\/strong>, considerando cuidadosamente las necesidades y expectativas de todos los grupos de inter\u00e9s, tanto accionistas como no accionistas, para as\u00ed restaurar la confianza p\u00fablica.<\/span><\/p>\n<p style=\"text-align: justify;\"><span style=\"font-size: 14pt; color: #000000;\">Para ser un l\u00edder efectivo y responsable en estos tiempos, hay dos aspectos fundamentales a considerar. Primero, <strong>la responsabilidad debe estar integrada en la estructura organizativa.<\/strong> Esto implica que no debe recaer \u00fanicamente en una persona, sino que debe estar presente en las responsabilidades, pr\u00e1cticas de gobernanza, incentivos, valores y cultura del Consejo de Administraci\u00f3n, as\u00ed como en la transparencia de la empresa hacia la sociedad y en sus mecanismos de rendici\u00f3n de cuentas.<\/span><\/p>\n<p style=\"text-align: justify;\"><span style=\"font-size: 14pt; color: #000000;\">Adem\u00e1s, la responsabilidad debe ser operativa, medible y monitorizada en todas las \u00e1reas de la organizaci\u00f3n, desde la gesti\u00f3n de la cadena de suministro hasta la asignaci\u00f3n de recursos financieros. Las pol\u00edticas corporativas deben fundamentarse en datos cient\u00edficos s\u00f3lidos, como la investigaci\u00f3n sobre el cambio clim\u00e1tico, y no en modas pasajeras u opiniones populares.<\/span><\/p>\n<p style=\"text-align: justify;\"><span style=\"font-size: 14pt; color: #000000;\">En segundo lugar, <strong>las caracter\u00edsticas personales y las habilidades interpersonales de los l\u00edderes son esenciales <\/strong>para guiar una organizaci\u00f3n que genere valor y tenga un impacto social positivo. Los l\u00edderes responsables deben demostrar integridad, empat\u00eda, transparencia y honestidad en su toma de decisiones. Tambi\u00e9n deben tener una visi\u00f3n a largo plazo y <strong>ofrecer alternativas viables en tiempos complicados<\/strong>.<\/span><\/p>\n<p style=\"text-align: justify;\"><span style=\"font-size: 14pt; color: #000000;\">Es vital que los l\u00edderes construyan confianza y comprendan profundamente las expectativas de sus grupos de inter\u00e9s. No deben dudar en <strong>empoderar y motivar a sus empleados,<\/strong> alent\u00e1ndolos a asumir la responsabilidad de su trabajo y su contribuci\u00f3n a la sociedad.<\/span><\/p>\n<p style=\"text-align: justify;\"><span style=\"font-size: 14pt; color: #000000;\">En resumen, liderar de manera responsable en tiempos de crisis es un desaf\u00edo. Los l\u00edderes pueden optar por reducir sus compromisos, recortar inversiones en relaciones con los grupos de inter\u00e9s y adoptar una postura defensiva. Sin embargo, la alternativa m\u00e1s efectiva <strong>es invertir en las personas que acompa\u00f1an su equipo,<\/strong> comprometi\u00e9ndose de manera genuina con pr\u00e1cticas responsables. Aquellos que eligen esta segunda v\u00eda emergen m\u00e1s fuertes y competitivos tras la crisis. Para los l\u00edderes que buscan un impacto positivo, la elecci\u00f3n es clara.<\/span><\/p>\n<p style=\"text-align: justify;\"><span style=\"font-size: 14pt; color: #000000;\"><strong><em>Fuente: Adaptado de Harvard Deusto Business Review.<\/em><\/strong><\/span><\/p>\n","protected":false},"excerpt":{"rendered":"<p>Liderar con responsabilidad en tiempos dif\u00edciles En momentos de incertidumbre, es crucial que los l\u00edderes empresariales adopten un enfoque estrat\u00e9gico, considerando cuidadosamente las necesidades y expectativas de todos los grupos de inter\u00e9s, tanto accionistas como no accionistas, para as\u00ed restaurar la confianza p\u00fablica. Para ser un l\u00edder efectivo y responsable en estos tiempos, hay dos [&hellip;]<\/p>\n","protected":false},"author":4,"featured_media":15506,"comment_status":"open","ping_status":"open","sticky":false,"template":"","format":"standard","meta":{"footnotes":""},"categories":[6],"tags":[439,265,440],"class_list":["post-15505","post","type-post","status-publish","format-standard","has-post-thumbnail","hentry","category-grupo-jhs","tag-liderar","tag-liderazgo","tag-tiempos-de-crisis"],"yoast_head":"<!-- This site is optimized with the Yoast SEO plugin v27.4 - https:\/\/yoast.com\/product\/yoast-seo-wordpress\/ -->\n<title>Liderar con responsabilidad en tiempos dif\u00edciles - JHS Agroindustria<\/title>\n<meta name=\"robots\" content=\"index, follow, max-snippet:-1, max-image-preview:large, max-video-preview:-1\" \/>\n<link rel=\"canonical\" href=\"https:\/\/jhs.com.ve\/site\/liderar-con-responsabilidad-en-tiempos-dificiles\/\" \/>\n<meta property=\"og:locale\" content=\"es_ES\" \/>\n<meta property=\"og:type\" content=\"article\" \/>\n<meta property=\"og:title\" content=\"Liderar con responsabilidad en tiempos dif\u00edciles - JHS Agroindustria\" \/>\n<meta property=\"og:description\" content=\"Liderar con responsabilidad en tiempos dif\u00edciles En momentos de incertidumbre, es crucial que los l\u00edderes empresariales adopten un enfoque estrat\u00e9gico, considerando cuidadosamente las necesidades y expectativas de todos los grupos de inter\u00e9s, tanto accionistas como no accionistas, para as\u00ed restaurar la confianza p\u00fablica. Para ser un l\u00edder efectivo y responsable en estos tiempos, hay dos [&hellip;]\" \/>\n<meta property=\"og:url\" content=\"https:\/\/jhs.com.ve\/site\/liderar-con-responsabilidad-en-tiempos-dificiles\/\" \/>\n<meta property=\"og:site_name\" content=\"JHS Agroindustria\" \/>\n<meta property=\"article:published_time\" content=\"2025-05-08T12:30:46+00:00\" \/>\n<meta property=\"og:image\" content=\"https:\/\/jhs.com.ve\/site\/wp-content\/uploads\/2025\/05\/lider-empresarial.webp\" \/>\n\t<meta property=\"og:image:width\" content=\"610\" \/>\n\t<meta property=\"og:image:height\" content=\"405\" \/>\n\t<meta property=\"og:image:type\" content=\"image\/jpeg\" \/>\n<meta name=\"author\" content=\"Prensa Grupo JHS\" \/>\n<meta name=\"twitter:card\" content=\"summary_large_image\" \/>\n<meta name=\"twitter:label1\" content=\"Escrito por\" \/>\n\t<meta name=\"twitter:data1\" content=\"Prensa Grupo JHS\" \/>\n\t<meta name=\"twitter:label2\" content=\"Tiempo de lectura\" \/>\n\t<meta name=\"twitter:data2\" content=\"2 minutos\" \/>\n<script type=\"application\/ld+json\" class=\"yoast-schema-graph\">{\"@context\":\"https:\\\/\\\/schema.org\",\"@graph\":[{\"@type\":\"Article\",\"@id\":\"https:\\\/\\\/jhs.com.ve\\\/site\\\/liderar-con-responsabilidad-en-tiempos-dificiles\\\/#article\",\"isPartOf\":{\"@id\":\"https:\\\/\\\/jhs.com.ve\\\/site\\\/liderar-con-responsabilidad-en-tiempos-dificiles\\\/\"},\"author\":{\"name\":\"Prensa Grupo JHS\",\"@id\":\"https:\\\/\\\/jhs.com.ve\\\/site\\\/#\\\/schema\\\/person\\\/0d1a5e15156799f55568e41ff2892d07\"},\"headline\":\"Liderar con responsabilidad en tiempos dif\u00edciles\",\"datePublished\":\"2025-05-08T12:30:46+00:00\",\"mainEntityOfPage\":{\"@id\":\"https:\\\/\\\/jhs.com.ve\\\/site\\\/liderar-con-responsabilidad-en-tiempos-dificiles\\\/\"},\"wordCount\":407,\"commentCount\":0,\"publisher\":{\"@id\":\"https:\\\/\\\/jhs.com.ve\\\/site\\\/#organization\"},\"image\":{\"@id\":\"https:\\\/\\\/jhs.com.ve\\\/site\\\/liderar-con-responsabilidad-en-tiempos-dificiles\\\/#primaryimage\"},\"thumbnailUrl\":\"https:\\\/\\\/jhs.com.ve\\\/site\\\/wp-content\\\/uploads\\\/2025\\\/05\\\/lider-empresarial.webp\",\"keywords\":[\"Liderar\",\"Liderazgo\",\"Tiempos de crisis\"],\"articleSection\":[\"GRUPO JHS\"],\"inLanguage\":\"es\",\"potentialAction\":[{\"@type\":\"CommentAction\",\"name\":\"Comment\",\"target\":[\"https:\\\/\\\/jhs.com.ve\\\/site\\\/liderar-con-responsabilidad-en-tiempos-dificiles\\\/#respond\"]}]},{\"@type\":\"WebPage\",\"@id\":\"https:\\\/\\\/jhs.com.ve\\\/site\\\/liderar-con-responsabilidad-en-tiempos-dificiles\\\/\",\"url\":\"https:\\\/\\\/jhs.com.ve\\\/site\\\/liderar-con-responsabilidad-en-tiempos-dificiles\\\/\",\"name\":\"Liderar con responsabilidad en tiempos dif\u00edciles - JHS Agroindustria\",\"isPartOf\":{\"@id\":\"https:\\\/\\\/jhs.com.ve\\\/site\\\/#website\"},\"primaryImageOfPage\":{\"@id\":\"https:\\\/\\\/jhs.com.ve\\\/site\\\/liderar-con-responsabilidad-en-tiempos-dificiles\\\/#primaryimage\"},\"image\":{\"@id\":\"https:\\\/\\\/jhs.com.ve\\\/site\\\/liderar-con-responsabilidad-en-tiempos-dificiles\\\/#primaryimage\"},\"thumbnailUrl\":\"https:\\\/\\\/jhs.com.ve\\\/site\\\/wp-content\\\/uploads\\\/2025\\\/05\\\/lider-empresarial.webp\",\"datePublished\":\"2025-05-08T12:30:46+00:00\",\"breadcrumb\":{\"@id\":\"https:\\\/\\\/jhs.com.ve\\\/site\\\/liderar-con-responsabilidad-en-tiempos-dificiles\\\/#breadcrumb\"},\"inLanguage\":\"es\",\"potentialAction\":[{\"@type\":\"ReadAction\",\"target\":[\"https:\\\/\\\/jhs.com.ve\\\/site\\\/liderar-con-responsabilidad-en-tiempos-dificiles\\\/\"]}]},{\"@type\":\"ImageObject\",\"inLanguage\":\"es\",\"@id\":\"https:\\\/\\\/jhs.com.ve\\\/site\\\/liderar-con-responsabilidad-en-tiempos-dificiles\\\/#primaryimage\",\"url\":\"https:\\\/\\\/jhs.com.ve\\\/site\\\/wp-content\\\/uploads\\\/2025\\\/05\\\/lider-empresarial.webp\",\"contentUrl\":\"https:\\\/\\\/jhs.com.ve\\\/site\\\/wp-content\\\/uploads\\\/2025\\\/05\\\/lider-empresarial.webp\",\"width\":610,\"height\":405},{\"@type\":\"BreadcrumbList\",\"@id\":\"https:\\\/\\\/jhs.com.ve\\\/site\\\/liderar-con-responsabilidad-en-tiempos-dificiles\\\/#breadcrumb\",\"itemListElement\":[{\"@type\":\"ListItem\",\"position\":1,\"name\":\"Portada\",\"item\":\"https:\\\/\\\/jhs.com.ve\\\/site\\\/\"},{\"@type\":\"ListItem\",\"position\":2,\"name\":\"Liderar con responsabilidad en tiempos dif\u00edciles\"}]},{\"@type\":\"WebSite\",\"@id\":\"https:\\\/\\\/jhs.com.ve\\\/site\\\/#website\",\"url\":\"https:\\\/\\\/jhs.com.ve\\\/site\\\/\",\"name\":\"JHS Agroindustria\",\"description\":\"\",\"publisher\":{\"@id\":\"https:\\\/\\\/jhs.com.ve\\\/site\\\/#organization\"},\"potentialAction\":[{\"@type\":\"SearchAction\",\"target\":{\"@type\":\"EntryPoint\",\"urlTemplate\":\"https:\\\/\\\/jhs.com.ve\\\/site\\\/?s={search_term_string}\"},\"query-input\":{\"@type\":\"PropertyValueSpecification\",\"valueRequired\":true,\"valueName\":\"search_term_string\"}}],\"inLanguage\":\"es\"},{\"@type\":\"Organization\",\"@id\":\"https:\\\/\\\/jhs.com.ve\\\/site\\\/#organization\",\"name\":\"Grupo JHS\",\"url\":\"https:\\\/\\\/jhs.com.ve\\\/site\\\/\",\"logo\":{\"@type\":\"ImageObject\",\"inLanguage\":\"es\",\"@id\":\"https:\\\/\\\/jhs.com.ve\\\/site\\\/#\\\/schema\\\/logo\\\/image\\\/\",\"url\":\"https:\\\/\\\/jhs.com.ve\\\/site\\\/wp-content\\\/uploads\\\/2023\\\/10\\\/logo_jhs_c.png\",\"contentUrl\":\"https:\\\/\\\/jhs.com.ve\\\/site\\\/wp-content\\\/uploads\\\/2023\\\/10\\\/logo_jhs_c.png\",\"width\":240,\"height\":100,\"caption\":\"Grupo JHS\"},\"image\":{\"@id\":\"https:\\\/\\\/jhs.com.ve\\\/site\\\/#\\\/schema\\\/logo\\\/image\\\/\"}},{\"@type\":\"Person\",\"@id\":\"https:\\\/\\\/jhs.com.ve\\\/site\\\/#\\\/schema\\\/person\\\/0d1a5e15156799f55568e41ff2892d07\",\"name\":\"Prensa Grupo JHS\",\"image\":{\"@type\":\"ImageObject\",\"inLanguage\":\"es\",\"@id\":\"https:\\\/\\\/secure.gravatar.com\\\/avatar\\\/39a79e87e12c3f5f99a840172d98c8840a8988a9255b669c9ec68874ad09c940?s=96&d=mm&r=g\",\"url\":\"https:\\\/\\\/secure.gravatar.com\\\/avatar\\\/39a79e87e12c3f5f99a840172d98c8840a8988a9255b669c9ec68874ad09c940?s=96&d=mm&r=g\",\"contentUrl\":\"https:\\\/\\\/secure.gravatar.com\\\/avatar\\\/39a79e87e12c3f5f99a840172d98c8840a8988a9255b669c9ec68874ad09c940?s=96&d=mm&r=g\",\"caption\":\"Prensa Grupo JHS\"},\"url\":\"https:\\\/\\\/jhs.com.ve\\\/site\\\/author\\\/yoshua\\\/\"}]}<\/script>\n<!-- \/ Yoast SEO plugin. -->","yoast_head_json":{"title":"Liderar con responsabilidad en tiempos dif\u00edciles - JHS Agroindustria","robots":{"index":"index","follow":"follow","max-snippet":"max-snippet:-1","max-image-preview":"max-image-preview:large","max-video-preview":"max-video-preview:-1"},"canonical":"https:\/\/jhs.com.ve\/site\/liderar-con-responsabilidad-en-tiempos-dificiles\/","og_locale":"es_ES","og_type":"article","og_title":"Liderar con responsabilidad en tiempos dif\u00edciles - JHS Agroindustria","og_description":"Liderar con responsabilidad en tiempos dif\u00edciles En momentos de incertidumbre, es crucial que los l\u00edderes empresariales adopten un enfoque estrat\u00e9gico, considerando cuidadosamente las necesidades y expectativas de todos los grupos de inter\u00e9s, tanto accionistas como no accionistas, para as\u00ed restaurar la confianza p\u00fablica. Para ser un l\u00edder efectivo y responsable en estos tiempos, hay dos [&hellip;]","og_url":"https:\/\/jhs.com.ve\/site\/liderar-con-responsabilidad-en-tiempos-dificiles\/","og_site_name":"JHS Agroindustria","article_published_time":"2025-05-08T12:30:46+00:00","og_image":[{"width":610,"height":405,"url":"https:\/\/jhs.com.ve\/site\/wp-content\/uploads\/2025\/05\/lider-empresarial.webp","type":"image\/jpeg"}],"author":"Prensa Grupo JHS","twitter_card":"summary_large_image","twitter_misc":{"Escrito por":"Prensa Grupo JHS","Tiempo de lectura":"2 minutos"},"schema":{"@context":"https:\/\/schema.org","@graph":[{"@type":"Article","@id":"https:\/\/jhs.com.ve\/site\/liderar-con-responsabilidad-en-tiempos-dificiles\/#article","isPartOf":{"@id":"https:\/\/jhs.com.ve\/site\/liderar-con-responsabilidad-en-tiempos-dificiles\/"},"author":{"name":"Prensa Grupo JHS","@id":"https:\/\/jhs.com.ve\/site\/#\/schema\/person\/0d1a5e15156799f55568e41ff2892d07"},"headline":"Liderar con responsabilidad en tiempos dif\u00edciles","datePublished":"2025-05-08T12:30:46+00:00","mainEntityOfPage":{"@id":"https:\/\/jhs.com.ve\/site\/liderar-con-responsabilidad-en-tiempos-dificiles\/"},"wordCount":407,"commentCount":0,"publisher":{"@id":"https:\/\/jhs.com.ve\/site\/#organization"},"image":{"@id":"https:\/\/jhs.com.ve\/site\/liderar-con-responsabilidad-en-tiempos-dificiles\/#primaryimage"},"thumbnailUrl":"https:\/\/jhs.com.ve\/site\/wp-content\/uploads\/2025\/05\/lider-empresarial.webp","keywords":["Liderar","Liderazgo","Tiempos de crisis"],"articleSection":["GRUPO JHS"],"inLanguage":"es","potentialAction":[{"@type":"CommentAction","name":"Comment","target":["https:\/\/jhs.com.ve\/site\/liderar-con-responsabilidad-en-tiempos-dificiles\/#respond"]}]},{"@type":"WebPage","@id":"https:\/\/jhs.com.ve\/site\/liderar-con-responsabilidad-en-tiempos-dificiles\/","url":"https:\/\/jhs.com.ve\/site\/liderar-con-responsabilidad-en-tiempos-dificiles\/","name":"Liderar con responsabilidad en tiempos dif\u00edciles - JHS Agroindustria","isPartOf":{"@id":"https:\/\/jhs.com.ve\/site\/#website"},"primaryImageOfPage":{"@id":"https:\/\/jhs.com.ve\/site\/liderar-con-responsabilidad-en-tiempos-dificiles\/#primaryimage"},"image":{"@id":"https:\/\/jhs.com.ve\/site\/liderar-con-responsabilidad-en-tiempos-dificiles\/#primaryimage"},"thumbnailUrl":"https:\/\/jhs.com.ve\/site\/wp-content\/uploads\/2025\/05\/lider-empresarial.webp","datePublished":"2025-05-08T12:30:46+00:00","breadcrumb":{"@id":"https:\/\/jhs.com.ve\/site\/liderar-con-responsabilidad-en-tiempos-dificiles\/#breadcrumb"},"inLanguage":"es","potentialAction":[{"@type":"ReadAction","target":["https:\/\/jhs.com.ve\/site\/liderar-con-responsabilidad-en-tiempos-dificiles\/"]}]},{"@type":"ImageObject","inLanguage":"es","@id":"https:\/\/jhs.com.ve\/site\/liderar-con-responsabilidad-en-tiempos-dificiles\/#primaryimage","url":"https:\/\/jhs.com.ve\/site\/wp-content\/uploads\/2025\/05\/lider-empresarial.webp","contentUrl":"https:\/\/jhs.com.ve\/site\/wp-content\/uploads\/2025\/05\/lider-empresarial.webp","width":610,"height":405},{"@type":"BreadcrumbList","@id":"https:\/\/jhs.com.ve\/site\/liderar-con-responsabilidad-en-tiempos-dificiles\/#breadcrumb","itemListElement":[{"@type":"ListItem","position":1,"name":"Portada","item":"https:\/\/jhs.com.ve\/site\/"},{"@type":"ListItem","position":2,"name":"Liderar con responsabilidad en tiempos dif\u00edciles"}]},{"@type":"WebSite","@id":"https:\/\/jhs.com.ve\/site\/#website","url":"https:\/\/jhs.com.ve\/site\/","name":"JHS Agroindustria","description":"","publisher":{"@id":"https:\/\/jhs.com.ve\/site\/#organization"},"potentialAction":[{"@type":"SearchAction","target":{"@type":"EntryPoint","urlTemplate":"https:\/\/jhs.com.ve\/site\/?s={search_term_string}"},"query-input":{"@type":"PropertyValueSpecification","valueRequired":true,"valueName":"search_term_string"}}],"inLanguage":"es"},{"@type":"Organization","@id":"https:\/\/jhs.com.ve\/site\/#organization","name":"Grupo JHS","url":"https:\/\/jhs.com.ve\/site\/","logo":{"@type":"ImageObject","inLanguage":"es","@id":"https:\/\/jhs.com.ve\/site\/#\/schema\/logo\/image\/","url":"https:\/\/jhs.com.ve\/site\/wp-content\/uploads\/2023\/10\/logo_jhs_c.png","contentUrl":"https:\/\/jhs.com.ve\/site\/wp-content\/uploads\/2023\/10\/logo_jhs_c.png","width":240,"height":100,"caption":"Grupo JHS"},"image":{"@id":"https:\/\/jhs.com.ve\/site\/#\/schema\/logo\/image\/"}},{"@type":"Person","@id":"https:\/\/jhs.com.ve\/site\/#\/schema\/person\/0d1a5e15156799f55568e41ff2892d07","name":"Prensa Grupo JHS","image":{"@type":"ImageObject","inLanguage":"es","@id":"https:\/\/secure.gravatar.com\/avatar\/39a79e87e12c3f5f99a840172d98c8840a8988a9255b669c9ec68874ad09c940?s=96&d=mm&r=g","url":"https:\/\/secure.gravatar.com\/avatar\/39a79e87e12c3f5f99a840172d98c8840a8988a9255b669c9ec68874ad09c940?s=96&d=mm&r=g","contentUrl":"https:\/\/secure.gravatar.com\/avatar\/39a79e87e12c3f5f99a840172d98c8840a8988a9255b669c9ec68874ad09c940?s=96&d=mm&r=g","caption":"Prensa Grupo JHS"},"url":"https:\/\/jhs.com.ve\/site\/author\/yoshua\/"}]}},"_links":{"self":[{"href":"https:\/\/jhs.com.ve\/site\/wp-json\/wp\/v2\/posts\/15505","targetHints":{"allow":["GET"]}}],"collection":[{"href":"https:\/\/jhs.com.ve\/site\/wp-json\/wp\/v2\/posts"}],"about":[{"href":"https:\/\/jhs.com.ve\/site\/wp-json\/wp\/v2\/types\/post"}],"author":[{"embeddable":true,"href":"https:\/\/jhs.com.ve\/site\/wp-json\/wp\/v2\/users\/4"}],"replies":[{"embeddable":true,"href":"https:\/\/jhs.com.ve\/site\/wp-json\/wp\/v2\/comments?post=15505"}],"version-history":[{"count":1,"href":"https:\/\/jhs.com.ve\/site\/wp-json\/wp\/v2\/posts\/15505\/revisions"}],"predecessor-version":[{"id":15507,"href":"https:\/\/jhs.com.ve\/site\/wp-json\/wp\/v2\/posts\/15505\/revisions\/15507"}],"wp:featuredmedia":[{"embeddable":true,"href":"https:\/\/jhs.com.ve\/site\/wp-json\/wp\/v2\/media\/15506"}],"wp:attachment":[{"href":"https:\/\/jhs.com.ve\/site\/wp-json\/wp\/v2\/media?parent=15505"}],"wp:term":[{"taxonomy":"category","embeddable":true,"href":"https:\/\/jhs.com.ve\/site\/wp-json\/wp\/v2\/categories?post=15505"},{"taxonomy":"post_tag","embeddable":true,"href":"https:\/\/jhs.com.ve\/site\/wp-json\/wp\/v2\/tags?post=15505"}],"curies":[{"name":"wp","href":"https:\/\/api.w.org\/{rel}","templated":true}]}}