{"id":16424,"date":"2026-08-31T11:09:32","date_gmt":"2026-08-31T15:09:32","guid":{"rendered":"https:\/\/jhs.com.ve\/site\/?p=16424"},"modified":"2026-08-31T11:38:43","modified_gmt":"2026-08-31T15:38:43","slug":"jhs-agroindustria-activa-nuevo-centro-de-distribucion-en-valencia-para-atender-la-region-central","status":"publish","type":"post","link":"https:\/\/jhs.com.ve\/site\/jhs-agroindustria-activa-nuevo-centro-de-distribucion-en-valencia-para-atender-la-region-central\/","title":{"rendered":"JHS Agroindustria activa nuevo Centro de Distribuci\u00f3n en Valencia para atender la Regi\u00f3n Central"},"content":{"rendered":"<h2 style=\"text-align: center;\"><span style=\"color: #000000;\"><strong>JHS Agroindustria activa nuevo Centro de Distribuci\u00f3n en Valencia para atender la Regi\u00f3n Central<\/strong><\/span><\/h2>\n<p style=\"text-align: justify;\"><span style=\"font-size: 14pt; color: #000000;\">Un hito importante marca un nuevo cap\u00edtulo en la trayectoria de JHS Agroindustria. Con el firme prop\u00f3sito de seguir sumando valor y garantizar que los alimentos de la m\u00e1s alta calidad lleguen a la mesa de las familias venezolanas, la organizaci\u00f3n consolida su capacidad log\u00edstica en el centro del pa\u00eds.<\/span><\/p>\n<p style=\"text-align: justify;\"><span style=\"font-size: 14pt; color: #000000;\">Jorge Silva, presidente de la Corporaci\u00f3n JHS, afirm\u00f3 que este proyecto constituye un hito clave para garantizar prote\u00edna fresca y alimento balanceado a m\u00e1s de 400 clientes de la zona.<\/span><\/p>\n<p style=\"text-align: justify;\"><span style=\"font-size: 14pt; color: #000000;\">Con la mirada puesta en optimizar la log\u00edstica y responder con eficiencia a la demanda del mercado, JHS Agroindustria puso en marcha su nuevo Centro de Distribuci\u00f3n Valencia, una infraestructura estrat\u00e9gica orientada a fortalecer el abastecimiento de la Regi\u00f3n Central.<\/span><\/p>\n<p style=\"text-align: justify;\"><span style=\"font-size: 14pt; color: #000000;\">El complejo destaca por su potencia operativa y tecnolog\u00eda instalada:<\/span><\/p>\n<ul style=\"text-align: justify;\">\n<li><span style=\"font-size: 14pt; color: #000000;\"><strong>Establecimiento:<\/strong> 3.000 metros cuadrados organizados en \u00e1reas especializadas de desposte, distribuci\u00f3n y almac\u00e9n seco.<\/span><\/li>\n<li><span style=\"font-size: 14pt; color: #000000;\"><strong>Cadena de fr\u00edo:<\/strong> Cavas de congelaci\u00f3n preparadas para almacenar y procesar hasta 800 toneladas de alimentos, asegurando la m\u00e1xima frescura e inocuidad.<\/span><\/li>\n<li><span style=\"font-size: 14pt; color: #000000;\"><strong>Despacho diario:<\/strong> Capacidad de distribuci\u00f3n superior a 28 toneladas diarias.<\/span><\/li>\n<li><span style=\"font-size: 14pt; color: #000000;\"><strong>Atenci\u00f3n directa:<\/strong> Cobertura personalizada para m\u00e1s de 400 clientes comerciales de la zona.<\/span><\/li>\n<\/ul>\n<p style=\"text-align: justify;\"><span style=\"font-size: 18pt; color: #000000;\"><strong>Impulso a nuestras marcas comerciales<\/strong><\/span><\/p>\n<p style=\"text-align: justify;\"><span style=\"font-size: 14pt; color: #000000;\">Desde estas instalaciones se coordinar\u00e1 la distribuci\u00f3n directa de los productos emblem\u00e1ticos de JHS Agroindustria:<\/span><\/p>\n<ul style=\"text-align: justify;\">\n<li><span style=\"font-size: 14pt; color: #000000;\"><strong>Andi Pollo:<\/strong> Pollo fresco y congelado procesado bajo estrictos controles de calidad e higiene.<\/span><\/li>\n<li><span style=\"font-size: 14pt; color: #000000;\"><strong>Andi Huevos:<\/strong> Huevos frescos clasificados, garantizando un aporte nutricional esencial para el consumo diario.<\/span><\/li>\n<li><span style=\"font-size: 14pt; color: #000000;\"><strong>JHS ABA:<\/strong> Alimento Balanceado para Animales, formulado con est\u00e1ndares t\u00e9cnicos para optimizar la nutrici\u00f3n y el rinde del sector productivo.<\/span><\/li>\n<\/ul>\n<p style=\"text-align: justify;\"><span style=\"font-size: 14pt; color: #000000;\">Sobre el impacto de este negocio, Jorge Silva enfatiz\u00f3: <em>\u00abEl Centro de Distribuci\u00f3n Valencia es un hito importante en la trayectoria de JHS Agroindustria y de nuestras marcas comerciales. Seguimos sumando valor y llevando calidad a la mesa de los venezolanos.\u00bb<\/em><\/span><\/p>\n<p style=\"text-align: justify;\"><span style=\"font-size: 14pt; color: #000000;\">Con esta apertura, JHS Agroindustria ratifica su compromiso inquebrantable con el desarrollo agroalimentario del pa\u00eds, reforzando su red log\u00edstica y garantizando un servicio de excelencia a sus aliados comerciales.<\/span><\/p>\n<p style=\"text-align: justify;\"><span style=\"font-size: 14pt; color: #000000;\"><strong>Contacto comercial y ventas<\/strong><\/span><\/p>\n<p style=\"text-align: justify;\"><span style=\"font-size: 14pt; color: #000000;\">Para mayor informaci\u00f3n sobre pedidos, alianzas comerciales y distribuci\u00f3n en la Regi\u00f3n Central, comun\u00edquese con nuestro Departamento de Ventas:<\/span><\/p>\n<ul>\n<li style=\"text-align: justify;\"><span style=\"font-size: 14pt; color: #000000;\"><strong>Contacto:<\/strong> 04125090250 \u2013 <strong>Correo:<\/strong> <a style=\"color: #000000;\" href=\"mailto:comercial@jhs.com.ve\">comercial@jhs.com.ve<\/a><\/span><\/li>\n<\/ul>\n<p><img decoding=\"async\" src=\"http:\/\/jhs.com.ve\/site\/wp-content\/uploads\/2026\/08\/Centro-Distribucion-Valencia.jpeg\" alt=\"\" \/><\/p>\n<p><img fetchpriority=\"high\" decoding=\"async\" class=\"\" src=\"http:\/\/jhs.com.ve\/site\/wp-content\/uploads\/2026\/08\/Centro-de-Distribucion-JHS-Agroindustria-Jorge-Silva-2.jpeg\" alt=\"\" width=\"1078\" height=\"809\" \/><\/p>\n<p><img decoding=\"async\" class=\"\" src=\"http:\/\/jhs.com.ve\/site\/wp-content\/uploads\/2026\/08\/Centro-de-Distribucion-JHS-Agroindustria-Jorge-Silva-3.jpeg\" alt=\"\" width=\"1076\" height=\"807\" \/><\/p>\n","protected":false},"excerpt":{"rendered":"<p>JHS Agroindustria activa nuevo Centro de Distribuci\u00f3n en Valencia para atender la Regi\u00f3n Central Un hito importante marca un nuevo cap\u00edtulo en la trayectoria de JHS Agroindustria. Con el firme prop\u00f3sito de seguir sumando valor y garantizar que los alimentos de la m\u00e1s alta calidad lleguen a la mesa de las familias venezolanas, la organizaci\u00f3n [&hellip;]<\/p>\n","protected":false},"author":4,"featured_media":16425,"comment_status":"closed","ping_status":"closed","sticky":false,"template":"","format":"standard","meta":{"footnotes":""},"categories":[9],"tags":[616,618,619,617],"class_list":["post-16424","post","type-post","status-publish","format-standard","has-post-thumbnail","hentry","category-agroindustria","tag-centro-de-distribucion-jhs","tag-desposte-de-pollo","tag-distribucion-de-poll","tag-valencia"],"yoast_head":"<!-- This site is optimized with the Yoast SEO plugin v27.4 - https:\/\/yoast.com\/product\/yoast-seo-wordpress\/ -->\n<title>JHS Agroindustria activa nuevo Centro de Distribuci\u00f3n en Valencia para atender la Regi\u00f3n Central - JHS Agroindustria<\/title>\n<meta name=\"robots\" content=\"index, follow, max-snippet:-1, max-image-preview:large, max-video-preview:-1\" \/>\n<link rel=\"canonical\" href=\"https:\/\/jhs.com.ve\/site\/jhs-agroindustria-activa-nuevo-centro-de-distribucion-en-valencia-para-atender-la-region-central\/\" \/>\n<meta property=\"og:locale\" content=\"es_ES\" \/>\n<meta property=\"og:type\" content=\"article\" \/>\n<meta property=\"og:title\" content=\"JHS Agroindustria activa nuevo Centro de Distribuci\u00f3n en Valencia para atender la Regi\u00f3n Central - JHS Agroindustria\" \/>\n<meta property=\"og:description\" content=\"JHS Agroindustria activa nuevo Centro de Distribuci\u00f3n en Valencia para atender la Regi\u00f3n Central Un hito importante marca un nuevo cap\u00edtulo en la trayectoria de JHS Agroindustria. Con el firme prop\u00f3sito de seguir sumando valor y garantizar que los alimentos de la m\u00e1s alta calidad lleguen a la mesa de las familias venezolanas, la organizaci\u00f3n [&hellip;]\" \/>\n<meta property=\"og:url\" content=\"https:\/\/jhs.com.ve\/site\/jhs-agroindustria-activa-nuevo-centro-de-distribucion-en-valencia-para-atender-la-region-central\/\" \/>\n<meta property=\"og:site_name\" content=\"JHS Agroindustria\" \/>\n<meta property=\"article:published_time\" content=\"2026-08-31T15:09:32+00:00\" \/>\n<meta property=\"article:modified_time\" content=\"2026-08-31T15:38:43+00:00\" \/>\n<meta property=\"og:image\" content=\"http:\/\/jhs.com.ve\/site\/wp-content\/uploads\/2026\/08\/Centro-de-Distribucion-JHS-Agroindustria-Jorge-Silva-4.jpeg\" \/>\n\t<meta property=\"og:image:width\" content=\"2560\" \/>\n\t<meta property=\"og:image:height\" content=\"1920\" \/>\n\t<meta property=\"og:image:type\" content=\"image\/jpeg\" \/>\n<meta name=\"author\" content=\"Prensa Grupo JHS\" \/>\n<meta name=\"twitter:card\" content=\"summary_large_image\" \/>\n<meta name=\"twitter:label1\" content=\"Escrito por\" \/>\n\t<meta name=\"twitter:data1\" content=\"Prensa Grupo JHS\" \/>\n\t<meta name=\"twitter:label2\" content=\"Tiempo de lectura\" \/>\n\t<meta name=\"twitter:data2\" content=\"3 minutos\" \/>\n<script type=\"application\/ld+json\" class=\"yoast-schema-graph\">{\"@context\":\"https:\\\/\\\/schema.org\",\"@graph\":[{\"@type\":\"Article\",\"@id\":\"https:\\\/\\\/jhs.com.ve\\\/site\\\/jhs-agroindustria-activa-nuevo-centro-de-distribucion-en-valencia-para-atender-la-region-central\\\/#article\",\"isPartOf\":{\"@id\":\"https:\\\/\\\/jhs.com.ve\\\/site\\\/jhs-agroindustria-activa-nuevo-centro-de-distribucion-en-valencia-para-atender-la-region-central\\\/\"},\"author\":{\"name\":\"Prensa Grupo JHS\",\"@id\":\"https:\\\/\\\/jhs.com.ve\\\/site\\\/#\\\/schema\\\/person\\\/0d1a5e15156799f55568e41ff2892d07\"},\"headline\":\"JHS Agroindustria activa nuevo Centro de Distribuci\u00f3n en Valencia para atender la Regi\u00f3n Central\",\"datePublished\":\"2026-08-31T15:09:32+00:00\",\"dateModified\":\"2026-08-31T15:38:43+00:00\",\"mainEntityOfPage\":{\"@id\":\"https:\\\/\\\/jhs.com.ve\\\/site\\\/jhs-agroindustria-activa-nuevo-centro-de-distribucion-en-valencia-para-atender-la-region-central\\\/\"},\"wordCount\":417,\"publisher\":{\"@id\":\"https:\\\/\\\/jhs.com.ve\\\/site\\\/#organization\"},\"image\":{\"@id\":\"https:\\\/\\\/jhs.com.ve\\\/site\\\/jhs-agroindustria-activa-nuevo-centro-de-distribucion-en-valencia-para-atender-la-region-central\\\/#primaryimage\"},\"thumbnailUrl\":\"https:\\\/\\\/jhs.com.ve\\\/site\\\/wp-content\\\/uploads\\\/2026\\\/08\\\/Centro-de-Distribucion-JHS-Agroindustria-Jorge-Silva-4.jpeg\",\"keywords\":[\"Centro de Distribuci\u00f3n JHS\",\"Desposte de pollo\",\"Distribuci\u00f3n de poll\",\"Valencia\"],\"articleSection\":[\"AGROINDUSTRIA\"],\"inLanguage\":\"es\"},{\"@type\":\"WebPage\",\"@id\":\"https:\\\/\\\/jhs.com.ve\\\/site\\\/jhs-agroindustria-activa-nuevo-centro-de-distribucion-en-valencia-para-atender-la-region-central\\\/\",\"url\":\"https:\\\/\\\/jhs.com.ve\\\/site\\\/jhs-agroindustria-activa-nuevo-centro-de-distribucion-en-valencia-para-atender-la-region-central\\\/\",\"name\":\"JHS Agroindustria activa nuevo Centro de Distribuci\u00f3n en Valencia para atender la Regi\u00f3n Central - JHS Agroindustria\",\"isPartOf\":{\"@id\":\"https:\\\/\\\/jhs.com.ve\\\/site\\\/#website\"},\"primaryImageOfPage\":{\"@id\":\"https:\\\/\\\/jhs.com.ve\\\/site\\\/jhs-agroindustria-activa-nuevo-centro-de-distribucion-en-valencia-para-atender-la-region-central\\\/#primaryimage\"},\"image\":{\"@id\":\"https:\\\/\\\/jhs.com.ve\\\/site\\\/jhs-agroindustria-activa-nuevo-centro-de-distribucion-en-valencia-para-atender-la-region-central\\\/#primaryimage\"},\"thumbnailUrl\":\"https:\\\/\\\/jhs.com.ve\\\/site\\\/wp-content\\\/uploads\\\/2026\\\/08\\\/Centro-de-Distribucion-JHS-Agroindustria-Jorge-Silva-4.jpeg\",\"datePublished\":\"2026-08-31T15:09:32+00:00\",\"dateModified\":\"2026-08-31T15:38:43+00:00\",\"breadcrumb\":{\"@id\":\"https:\\\/\\\/jhs.com.ve\\\/site\\\/jhs-agroindustria-activa-nuevo-centro-de-distribucion-en-valencia-para-atender-la-region-central\\\/#breadcrumb\"},\"inLanguage\":\"es\",\"potentialAction\":[{\"@type\":\"ReadAction\",\"target\":[\"https:\\\/\\\/jhs.com.ve\\\/site\\\/jhs-agroindustria-activa-nuevo-centro-de-distribucion-en-valencia-para-atender-la-region-central\\\/\"]}]},{\"@type\":\"ImageObject\",\"inLanguage\":\"es\",\"@id\":\"https:\\\/\\\/jhs.com.ve\\\/site\\\/jhs-agroindustria-activa-nuevo-centro-de-distribucion-en-valencia-para-atender-la-region-central\\\/#primaryimage\",\"url\":\"https:\\\/\\\/jhs.com.ve\\\/site\\\/wp-content\\\/uploads\\\/2026\\\/08\\\/Centro-de-Distribucion-JHS-Agroindustria-Jorge-Silva-4.jpeg\",\"contentUrl\":\"https:\\\/\\\/jhs.com.ve\\\/site\\\/wp-content\\\/uploads\\\/2026\\\/08\\\/Centro-de-Distribucion-JHS-Agroindustria-Jorge-Silva-4.jpeg\",\"width\":2560,\"height\":1920},{\"@type\":\"BreadcrumbList\",\"@id\":\"https:\\\/\\\/jhs.com.ve\\\/site\\\/jhs-agroindustria-activa-nuevo-centro-de-distribucion-en-valencia-para-atender-la-region-central\\\/#breadcrumb\",\"itemListElement\":[{\"@type\":\"ListItem\",\"position\":1,\"name\":\"Portada\",\"item\":\"https:\\\/\\\/jhs.com.ve\\\/site\\\/\"},{\"@type\":\"ListItem\",\"position\":2,\"name\":\"JHS Agroindustria activa nuevo Centro de Distribuci\u00f3n en Valencia para atender la Regi\u00f3n Central\"}]},{\"@type\":\"WebSite\",\"@id\":\"https:\\\/\\\/jhs.com.ve\\\/site\\\/#website\",\"url\":\"https:\\\/\\\/jhs.com.ve\\\/site\\\/\",\"name\":\"JHS Agroindustria\",\"description\":\"\",\"publisher\":{\"@id\":\"https:\\\/\\\/jhs.com.ve\\\/site\\\/#organization\"},\"potentialAction\":[{\"@type\":\"SearchAction\",\"target\":{\"@type\":\"EntryPoint\",\"urlTemplate\":\"https:\\\/\\\/jhs.com.ve\\\/site\\\/?s={search_term_string}\"},\"query-input\":{\"@type\":\"PropertyValueSpecification\",\"valueRequired\":true,\"valueName\":\"search_term_string\"}}],\"inLanguage\":\"es\"},{\"@type\":\"Organization\",\"@id\":\"https:\\\/\\\/jhs.com.ve\\\/site\\\/#organization\",\"name\":\"Grupo JHS\",\"url\":\"https:\\\/\\\/jhs.com.ve\\\/site\\\/\",\"logo\":{\"@type\":\"ImageObject\",\"inLanguage\":\"es\",\"@id\":\"https:\\\/\\\/jhs.com.ve\\\/site\\\/#\\\/schema\\\/logo\\\/image\\\/\",\"url\":\"https:\\\/\\\/jhs.com.ve\\\/site\\\/wp-content\\\/uploads\\\/2023\\\/10\\\/logo_jhs_c.png\",\"contentUrl\":\"https:\\\/\\\/jhs.com.ve\\\/site\\\/wp-content\\\/uploads\\\/2023\\\/10\\\/logo_jhs_c.png\",\"width\":240,\"height\":100,\"caption\":\"Grupo JHS\"},\"image\":{\"@id\":\"https:\\\/\\\/jhs.com.ve\\\/site\\\/#\\\/schema\\\/logo\\\/image\\\/\"}},{\"@type\":\"Person\",\"@id\":\"https:\\\/\\\/jhs.com.ve\\\/site\\\/#\\\/schema\\\/person\\\/0d1a5e15156799f55568e41ff2892d07\",\"name\":\"Prensa Grupo JHS\",\"image\":{\"@type\":\"ImageObject\",\"inLanguage\":\"es\",\"@id\":\"https:\\\/\\\/secure.gravatar.com\\\/avatar\\\/39a79e87e12c3f5f99a840172d98c8840a8988a9255b669c9ec68874ad09c940?s=96&d=mm&r=g\",\"url\":\"https:\\\/\\\/secure.gravatar.com\\\/avatar\\\/39a79e87e12c3f5f99a840172d98c8840a8988a9255b669c9ec68874ad09c940?s=96&d=mm&r=g\",\"contentUrl\":\"https:\\\/\\\/secure.gravatar.com\\\/avatar\\\/39a79e87e12c3f5f99a840172d98c8840a8988a9255b669c9ec68874ad09c940?s=96&d=mm&r=g\",\"caption\":\"Prensa Grupo JHS\"},\"url\":\"https:\\\/\\\/jhs.com.ve\\\/site\\\/author\\\/yoshua\\\/\"}]}<\/script>\n<!-- \/ Yoast SEO plugin. -->","yoast_head_json":{"title":"JHS Agroindustria activa nuevo Centro de Distribuci\u00f3n en Valencia para atender la Regi\u00f3n Central - JHS Agroindustria","robots":{"index":"index","follow":"follow","max-snippet":"max-snippet:-1","max-image-preview":"max-image-preview:large","max-video-preview":"max-video-preview:-1"},"canonical":"https:\/\/jhs.com.ve\/site\/jhs-agroindustria-activa-nuevo-centro-de-distribucion-en-valencia-para-atender-la-region-central\/","og_locale":"es_ES","og_type":"article","og_title":"JHS Agroindustria activa nuevo Centro de Distribuci\u00f3n en Valencia para atender la Regi\u00f3n Central - JHS Agroindustria","og_description":"JHS Agroindustria activa nuevo Centro de Distribuci\u00f3n en Valencia para atender la Regi\u00f3n Central Un hito importante marca un nuevo cap\u00edtulo en la trayectoria de JHS Agroindustria. Con el firme prop\u00f3sito de seguir sumando valor y garantizar que los alimentos de la m\u00e1s alta calidad lleguen a la mesa de las familias venezolanas, la organizaci\u00f3n [&hellip;]","og_url":"https:\/\/jhs.com.ve\/site\/jhs-agroindustria-activa-nuevo-centro-de-distribucion-en-valencia-para-atender-la-region-central\/","og_site_name":"JHS Agroindustria","article_published_time":"2026-08-31T15:09:32+00:00","article_modified_time":"2026-08-31T15:38:43+00:00","og_image":[{"width":2560,"height":1920,"url":"http:\/\/jhs.com.ve\/site\/wp-content\/uploads\/2026\/08\/Centro-de-Distribucion-JHS-Agroindustria-Jorge-Silva-4.jpeg","type":"image\/jpeg"}],"author":"Prensa Grupo JHS","twitter_card":"summary_large_image","twitter_misc":{"Escrito por":"Prensa Grupo JHS","Tiempo de lectura":"3 minutos"},"schema":{"@context":"https:\/\/schema.org","@graph":[{"@type":"Article","@id":"https:\/\/jhs.com.ve\/site\/jhs-agroindustria-activa-nuevo-centro-de-distribucion-en-valencia-para-atender-la-region-central\/#article","isPartOf":{"@id":"https:\/\/jhs.com.ve\/site\/jhs-agroindustria-activa-nuevo-centro-de-distribucion-en-valencia-para-atender-la-region-central\/"},"author":{"name":"Prensa Grupo JHS","@id":"https:\/\/jhs.com.ve\/site\/#\/schema\/person\/0d1a5e15156799f55568e41ff2892d07"},"headline":"JHS Agroindustria activa nuevo Centro de Distribuci\u00f3n en Valencia para atender la Regi\u00f3n Central","datePublished":"2026-08-31T15:09:32+00:00","dateModified":"2026-08-31T15:38:43+00:00","mainEntityOfPage":{"@id":"https:\/\/jhs.com.ve\/site\/jhs-agroindustria-activa-nuevo-centro-de-distribucion-en-valencia-para-atender-la-region-central\/"},"wordCount":417,"publisher":{"@id":"https:\/\/jhs.com.ve\/site\/#organization"},"image":{"@id":"https:\/\/jhs.com.ve\/site\/jhs-agroindustria-activa-nuevo-centro-de-distribucion-en-valencia-para-atender-la-region-central\/#primaryimage"},"thumbnailUrl":"https:\/\/jhs.com.ve\/site\/wp-content\/uploads\/2026\/08\/Centro-de-Distribucion-JHS-Agroindustria-Jorge-Silva-4.jpeg","keywords":["Centro de Distribuci\u00f3n JHS","Desposte de pollo","Distribuci\u00f3n de poll","Valencia"],"articleSection":["AGROINDUSTRIA"],"inLanguage":"es"},{"@type":"WebPage","@id":"https:\/\/jhs.com.ve\/site\/jhs-agroindustria-activa-nuevo-centro-de-distribucion-en-valencia-para-atender-la-region-central\/","url":"https:\/\/jhs.com.ve\/site\/jhs-agroindustria-activa-nuevo-centro-de-distribucion-en-valencia-para-atender-la-region-central\/","name":"JHS Agroindustria activa nuevo Centro de Distribuci\u00f3n en Valencia para atender la Regi\u00f3n Central - JHS Agroindustria","isPartOf":{"@id":"https:\/\/jhs.com.ve\/site\/#website"},"primaryImageOfPage":{"@id":"https:\/\/jhs.com.ve\/site\/jhs-agroindustria-activa-nuevo-centro-de-distribucion-en-valencia-para-atender-la-region-central\/#primaryimage"},"image":{"@id":"https:\/\/jhs.com.ve\/site\/jhs-agroindustria-activa-nuevo-centro-de-distribucion-en-valencia-para-atender-la-region-central\/#primaryimage"},"thumbnailUrl":"https:\/\/jhs.com.ve\/site\/wp-content\/uploads\/2026\/08\/Centro-de-Distribucion-JHS-Agroindustria-Jorge-Silva-4.jpeg","datePublished":"2026-08-31T15:09:32+00:00","dateModified":"2026-08-31T15:38:43+00:00","breadcrumb":{"@id":"https:\/\/jhs.com.ve\/site\/jhs-agroindustria-activa-nuevo-centro-de-distribucion-en-valencia-para-atender-la-region-central\/#breadcrumb"},"inLanguage":"es","potentialAction":[{"@type":"ReadAction","target":["https:\/\/jhs.com.ve\/site\/jhs-agroindustria-activa-nuevo-centro-de-distribucion-en-valencia-para-atender-la-region-central\/"]}]},{"@type":"ImageObject","inLanguage":"es","@id":"https:\/\/jhs.com.ve\/site\/jhs-agroindustria-activa-nuevo-centro-de-distribucion-en-valencia-para-atender-la-region-central\/#primaryimage","url":"https:\/\/jhs.com.ve\/site\/wp-content\/uploads\/2026\/08\/Centro-de-Distribucion-JHS-Agroindustria-Jorge-Silva-4.jpeg","contentUrl":"https:\/\/jhs.com.ve\/site\/wp-content\/uploads\/2026\/08\/Centro-de-Distribucion-JHS-Agroindustria-Jorge-Silva-4.jpeg","width":2560,"height":1920},{"@type":"BreadcrumbList","@id":"https:\/\/jhs.com.ve\/site\/jhs-agroindustria-activa-nuevo-centro-de-distribucion-en-valencia-para-atender-la-region-central\/#breadcrumb","itemListElement":[{"@type":"ListItem","position":1,"name":"Portada","item":"https:\/\/jhs.com.ve\/site\/"},{"@type":"ListItem","position":2,"name":"JHS Agroindustria activa nuevo Centro de Distribuci\u00f3n en Valencia para atender la Regi\u00f3n Central"}]},{"@type":"WebSite","@id":"https:\/\/jhs.com.ve\/site\/#website","url":"https:\/\/jhs.com.ve\/site\/","name":"JHS Agroindustria","description":"","publisher":{"@id":"https:\/\/jhs.com.ve\/site\/#organization"},"potentialAction":[{"@type":"SearchAction","target":{"@type":"EntryPoint","urlTemplate":"https:\/\/jhs.com.ve\/site\/?s={search_term_string}"},"query-input":{"@type":"PropertyValueSpecification","valueRequired":true,"valueName":"search_term_string"}}],"inLanguage":"es"},{"@type":"Organization","@id":"https:\/\/jhs.com.ve\/site\/#organization","name":"Grupo JHS","url":"https:\/\/jhs.com.ve\/site\/","logo":{"@type":"ImageObject","inLanguage":"es","@id":"https:\/\/jhs.com.ve\/site\/#\/schema\/logo\/image\/","url":"https:\/\/jhs.com.ve\/site\/wp-content\/uploads\/2023\/10\/logo_jhs_c.png","contentUrl":"https:\/\/jhs.com.ve\/site\/wp-content\/uploads\/2023\/10\/logo_jhs_c.png","width":240,"height":100,"caption":"Grupo JHS"},"image":{"@id":"https:\/\/jhs.com.ve\/site\/#\/schema\/logo\/image\/"}},{"@type":"Person","@id":"https:\/\/jhs.com.ve\/site\/#\/schema\/person\/0d1a5e15156799f55568e41ff2892d07","name":"Prensa Grupo JHS","image":{"@type":"ImageObject","inLanguage":"es","@id":"https:\/\/secure.gravatar.com\/avatar\/39a79e87e12c3f5f99a840172d98c8840a8988a9255b669c9ec68874ad09c940?s=96&d=mm&r=g","url":"https:\/\/secure.gravatar.com\/avatar\/39a79e87e12c3f5f99a840172d98c8840a8988a9255b669c9ec68874ad09c940?s=96&d=mm&r=g","contentUrl":"https:\/\/secure.gravatar.com\/avatar\/39a79e87e12c3f5f99a840172d98c8840a8988a9255b669c9ec68874ad09c940?s=96&d=mm&r=g","caption":"Prensa Grupo JHS"},"url":"https:\/\/jhs.com.ve\/site\/author\/yoshua\/"}]}},"_links":{"self":[{"href":"https:\/\/jhs.com.ve\/site\/wp-json\/wp\/v2\/posts\/16424","targetHints":{"allow":["GET"]}}],"collection":[{"href":"https:\/\/jhs.com.ve\/site\/wp-json\/wp\/v2\/posts"}],"about":[{"href":"https:\/\/jhs.com.ve\/site\/wp-json\/wp\/v2\/types\/post"}],"author":[{"embeddable":true,"href":"https:\/\/jhs.com.ve\/site\/wp-json\/wp\/v2\/users\/4"}],"replies":[{"embeddable":true,"href":"https:\/\/jhs.com.ve\/site\/wp-json\/wp\/v2\/comments?post=16424"}],"version-history":[{"count":3,"href":"https:\/\/jhs.com.ve\/site\/wp-json\/wp\/v2\/posts\/16424\/revisions"}],"predecessor-version":[{"id":16431,"href":"https:\/\/jhs.com.ve\/site\/wp-json\/wp\/v2\/posts\/16424\/revisions\/16431"}],"wp:featuredmedia":[{"embeddable":true,"href":"https:\/\/jhs.com.ve\/site\/wp-json\/wp\/v2\/media\/16425"}],"wp:attachment":[{"href":"https:\/\/jhs.com.ve\/site\/wp-json\/wp\/v2\/media?parent=16424"}],"wp:term":[{"taxonomy":"category","embeddable":true,"href":"https:\/\/jhs.com.ve\/site\/wp-json\/wp\/v2\/categories?post=16424"},{"taxonomy":"post_tag","embeddable":true,"href":"https:\/\/jhs.com.ve\/site\/wp-json\/wp\/v2\/tags?post=16424"}],"curies":[{"name":"wp","href":"https:\/\/api.w.org\/{rel}","templated":true}]}}