{"id":16432,"date":"2026-09-01T09:45:21","date_gmt":"2026-09-01T13:45:21","guid":{"rendered":"https:\/\/jhs.com.ve\/site\/?p=16432"},"modified":"2026-09-01T11:29:06","modified_gmt":"2026-09-01T15:29:06","slug":"16432-2","status":"publish","type":"post","link":"https:\/\/jhs.com.ve\/site\/16432-2\/","title":{"rendered":"JHS Agroindustria conecta la formaci\u00f3n acad\u00e9mica con el ejercicio profesional en el Instituto JHS"},"content":{"rendered":"<h2 style=\"text-align: center;\" data-path-to-node=\"0\"><b data-path-to-node=\"0\" data-index-in-node=\"0\">JHS Agroindustria conecta la formaci\u00f3n acad\u00e9mica con el ejercicio profesional en el Instituto JHS<\/b><\/h2>\n<p style=\"text-align: justify;\" data-path-to-node=\"1\"><span style=\"font-size: 14pt; color: #000000;\">Con la visi\u00f3n estrat\u00e9gica de tender un puente directo entre las aulas de clase y la realidad operativa del campo venezolano, representantes de diversas \u00e1reas clave de <b data-path-to-node=\"1\" data-index-in-node=\"167\">JHS Agroindustria<\/b> realizaron un encuentro institucional en las instalaciones del <b data-path-to-node=\"1\" data-index-in-node=\"248\">Instituto Universitario JHS<\/b>. La jornada estuvo dirigida a los nuevos profesionales reci\u00e9n egresados y a los estudiantes que inician su 6to semestre en la carrera de <b data-path-to-node=\"1\" data-index-in-node=\"413\">T.S.U. en Producci\u00f3n Av\u00edcola y Agroindustrial<\/b>.<\/span><\/p>\n<p style=\"text-align: justify;\" data-path-to-node=\"2\"><span style=\"font-size: 14pt; color: #000000;\">El objetivo central de la actividad fue ofrecer una perspectiva macro sobre la estructura integral que soporta la producci\u00f3n de la empresa, permitiendo a los futuros t\u00e9cnicos superiores comprender d\u00f3nde y c\u00f3mo sus conocimientos se integran a la cadena de valor de la corporaci\u00f3n.<\/span><\/p>\n<p style=\"text-align: justify;\" data-path-to-node=\"3\"><span style=\"font-size: 14pt; color: #000000;\">Esta iniciativa responde de manera directa a la filosof\u00eda de desarrollo, educaci\u00f3n y compromiso con el talento nacional impulsada por el <b data-path-to-node=\"3\" data-index-in-node=\"137\">licenciado Jorge Silva<\/b>, presidente de la Corporaci\u00f3n JHS y fundador del Instituto Universitario JHS. Bajo su visi\u00f3n, el instituto nace no solo como un centro educativo, sino como una cantera de talento humano altamente capacitado para transformar el sector agroproductivo del pa\u00eds.<\/span><\/p>\n<h3 data-path-to-node=\"5\"><span style=\"font-size: 18pt; color: #000000;\">Visi\u00f3n integral del ecosistema corporativo<\/span><\/h3>\n<p style=\"text-align: justify;\" data-path-to-node=\"6\"><span style=\"font-size: 14pt; color: #000000;\">Durante el encuentro, los l\u00edderes departamentales explicaron en detalle la funci\u00f3n de sus \u00e1reas y la trascendencia de su labor en el funcionamiento de la organizaci\u00f3n:<\/span><\/p>\n<ul data-path-to-node=\"7\">\n<li style=\"text-align: justify;\">\n<p data-path-to-node=\"7,0,0\"><span style=\"font-size: 14pt; color: #000000;\"><b data-path-to-node=\"7,0,0\" data-index-in-node=\"0\">Administraci\u00f3n:<\/b> Abord\u00f3 la gesti\u00f3n eficiente de recursos, presupuestos y procesos financieros que aseguran la viabilidad de los proyectos en granjas y plantas.<\/span><\/p>\n<\/li>\n<li style=\"text-align: justify;\">\n<p data-path-to-node=\"7,1,0\"><span style=\"font-size: 14pt; color: #000000;\"><b data-path-to-node=\"7,1,0\" data-index-in-node=\"0\">Inventarios:<\/b> Explic\u00f3 el control continuo de insumos, materia prima y producci\u00f3n terminada, pieza clave para sostener el flujo operativo sin interrupciones.<\/span><\/p>\n<\/li>\n<li style=\"text-align: justify;\">\n<p data-path-to-node=\"7,2,0\"><span style=\"font-size: 14pt; color: #000000;\"><b data-path-to-node=\"7,2,0\" data-index-in-node=\"0\">Talento humano:<\/b> Destac\u00f3 los programas de acompa\u00f1amiento, desarrollo profesional y bienestar enfocados en impulsar el crecimiento laboral dentro de la empresa.<\/span><\/p>\n<\/li>\n<li style=\"text-align: justify;\">\n<p data-path-to-node=\"7,3,0\"><span style=\"font-size: 14pt; color: #000000;\"><b data-path-to-node=\"7,3,0\" data-index-in-node=\"0\">Comunicaci\u00f3n y medios:<\/b> Present\u00f3 la estrategia de proyecci\u00f3n de marca, reputaci\u00f3n corporativa e interacci\u00f3n interna y externa para visibilizar el trabajo del grupo.<\/span><\/p>\n<\/li>\n<li style=\"text-align: justify;\">\n<p data-path-to-node=\"7,4,0\"><span style=\"font-size: 14pt; color: #000000;\"><b data-path-to-node=\"7,4,0\" data-index-in-node=\"0\">Infraestructura y proyectos:<\/b> Expuso el dise\u00f1o, mantenimiento y modernizaci\u00f3n constante de las instalaciones tecnol\u00f3gicas y productivas de la empresa.<\/span><\/p>\n<\/li>\n<li>\n<p style=\"text-align: justify;\" data-path-to-node=\"7,5,0\"><span style=\"font-size: 14pt; color: #000000;\"><b data-path-to-node=\"7,5,0\" data-index-in-node=\"0\">\u00c1rea legal:<\/b> Detall\u00f3 el marco normativo y de cumplimiento regulatorio que protege cada operaci\u00f3n y respalda las decisiones corporativas.<\/span><\/p>\n<\/li>\n<\/ul>\n<h3 data-path-to-node=\"9\"><span style=\"font-size: 18pt; color: #000000;\">Un futuro brillante con sello de la casa<\/span><\/h3>\n<p style=\"text-align: justify;\" data-path-to-node=\"10\"><span style=\"font-size: 14pt; color: #000000;\">Un aspecto destacado durante la jornada fue el testimonio palpable del impacto de este modelo formativo: los graduados de la cohorte anterior ya forman parte activa de la plantilla de trabajadores de <b data-path-to-node=\"10\" data-index-in-node=\"200\">JHS Agroindustria<\/b>, demostrando en el campo el alto nivel t\u00e9cnico y humano con el que fueron formados.<\/span><\/p>\n<p style=\"text-align: justify;\" data-path-to-node=\"11\"><span style=\"font-size: 14pt; color: #000000;\">La organizaci\u00f3n aspira a mantener y fortalecer esta din\u00e1mica con las promociones venideras, proyectando que los j\u00f3venes que hoy cursan estos \u00faltimos semestres sean quienes asuman el relevo generacional de la corporaci\u00f3n. \u00abLa meta es que estos futuros profesionales se conviertan en los pr\u00f3ximos coordinadores, especialistas y gerentes que liderar\u00e1n la innovaci\u00f3n y la excelencia productiva de JHS Agroindustria en los a\u00f1os por venir\u00bb, asegura Jorge Silva Cardona.\u00a0<\/span><\/p>\n<p style=\"text-align: justify;\" data-path-to-node=\"12\"><span style=\"font-size: 14pt; color: #000000;\">A trav\u00e9s de esta inducci\u00f3n, los estudiantes y egresados no solo reafirmaron la importancia de su rol t\u00e9cnico, sino que vislumbraron una l\u00ednea de carrera s\u00f3lida y llena de oportunidades dentro de una estructura comprometida con el desarrollo de Venezuela.<\/span><\/p>\n","protected":false},"excerpt":{"rendered":"<p>JHS Agroindustria conecta la formaci\u00f3n acad\u00e9mica con el ejercicio profesional en el Instituto JHS Con la visi\u00f3n estrat\u00e9gica de tender un puente directo entre las aulas de clase y la realidad operativa del campo venezolano, representantes de diversas \u00e1reas clave de JHS Agroindustria realizaron un encuentro institucional en las instalaciones del Instituto Universitario JHS. La [&hellip;]<\/p>\n","protected":false},"author":4,"featured_media":16434,"comment_status":"closed","ping_status":"closed","sticky":false,"template":"","format":"standard","meta":{"footnotes":""},"categories":[452],"tags":[119,144,200,558],"class_list":["post-16432","post","type-post","status-publish","format-standard","has-post-thumbnail","hentry","category-instituto-jhs","tag-agroindustria","tag-educacion","tag-egresados","tag-instituto-universitario-jhs"],"yoast_head":"<!-- This site is optimized with the Yoast SEO plugin v27.4 - https:\/\/yoast.com\/product\/yoast-seo-wordpress\/ -->\n<title>JHS Agroindustria conecta la formaci\u00f3n acad\u00e9mica con el ejercicio profesional en el Instituto JHS - JHS Agroindustria<\/title>\n<meta name=\"robots\" content=\"index, follow, max-snippet:-1, max-image-preview:large, max-video-preview:-1\" \/>\n<link rel=\"canonical\" href=\"https:\/\/jhs.com.ve\/site\/16432-2\/\" \/>\n<meta property=\"og:locale\" content=\"es_ES\" \/>\n<meta property=\"og:type\" content=\"article\" \/>\n<meta property=\"og:title\" content=\"JHS Agroindustria conecta la formaci\u00f3n acad\u00e9mica con el ejercicio profesional en el Instituto JHS - JHS Agroindustria\" \/>\n<meta property=\"og:description\" content=\"JHS Agroindustria conecta la formaci\u00f3n acad\u00e9mica con el ejercicio profesional en el Instituto JHS Con la visi\u00f3n estrat\u00e9gica de tender un puente directo entre las aulas de clase y la realidad operativa del campo venezolano, representantes de diversas \u00e1reas clave de JHS Agroindustria realizaron un encuentro institucional en las instalaciones del Instituto Universitario JHS. La [&hellip;]\" \/>\n<meta property=\"og:url\" content=\"https:\/\/jhs.com.ve\/site\/16432-2\/\" \/>\n<meta property=\"og:site_name\" content=\"JHS Agroindustria\" \/>\n<meta property=\"article:published_time\" content=\"2026-09-01T13:45:21+00:00\" \/>\n<meta property=\"article:modified_time\" content=\"2026-09-01T15:29:06+00:00\" \/>\n<meta property=\"og:image\" content=\"http:\/\/jhs.com.ve\/site\/wp-content\/uploads\/2026\/09\/Induccion-IUTA-JHS.jpeg\" \/>\n\t<meta property=\"og:image:width\" content=\"1080\" \/>\n\t<meta property=\"og:image:height\" content=\"810\" \/>\n\t<meta property=\"og:image:type\" content=\"image\/jpeg\" \/>\n<meta name=\"author\" content=\"Prensa Grupo JHS\" \/>\n<meta name=\"twitter:card\" content=\"summary_large_image\" \/>\n<meta name=\"twitter:label1\" content=\"Escrito por\" \/>\n\t<meta name=\"twitter:data1\" content=\"Prensa Grupo JHS\" \/>\n\t<meta name=\"twitter:label2\" content=\"Tiempo de lectura\" \/>\n\t<meta name=\"twitter:data2\" content=\"3 minutos\" \/>\n<script type=\"application\/ld+json\" class=\"yoast-schema-graph\">{\"@context\":\"https:\\\/\\\/schema.org\",\"@graph\":[{\"@type\":\"Article\",\"@id\":\"https:\\\/\\\/jhs.com.ve\\\/site\\\/16432-2\\\/#article\",\"isPartOf\":{\"@id\":\"https:\\\/\\\/jhs.com.ve\\\/site\\\/16432-2\\\/\"},\"author\":{\"name\":\"Prensa Grupo JHS\",\"@id\":\"https:\\\/\\\/jhs.com.ve\\\/site\\\/#\\\/schema\\\/person\\\/0d1a5e15156799f55568e41ff2892d07\"},\"headline\":\"JHS Agroindustria conecta la formaci\u00f3n acad\u00e9mica con el ejercicio profesional en el Instituto JHS\",\"datePublished\":\"2026-09-01T13:45:21+00:00\",\"dateModified\":\"2026-09-01T15:29:06+00:00\",\"mainEntityOfPage\":{\"@id\":\"https:\\\/\\\/jhs.com.ve\\\/site\\\/16432-2\\\/\"},\"wordCount\":576,\"publisher\":{\"@id\":\"https:\\\/\\\/jhs.com.ve\\\/site\\\/#organization\"},\"image\":{\"@id\":\"https:\\\/\\\/jhs.com.ve\\\/site\\\/16432-2\\\/#primaryimage\"},\"thumbnailUrl\":\"https:\\\/\\\/jhs.com.ve\\\/site\\\/wp-content\\\/uploads\\\/2026\\\/09\\\/Induccion-IUTA-JHS.jpeg\",\"keywords\":[\"agroindustria\",\"Educaci\u00f3n\",\"egresados\",\"Instituto Universitario JHS\"],\"articleSection\":[\"INSTITUTO JHS\"],\"inLanguage\":\"es\"},{\"@type\":\"WebPage\",\"@id\":\"https:\\\/\\\/jhs.com.ve\\\/site\\\/16432-2\\\/\",\"url\":\"https:\\\/\\\/jhs.com.ve\\\/site\\\/16432-2\\\/\",\"name\":\"JHS Agroindustria conecta la formaci\u00f3n acad\u00e9mica con el ejercicio profesional en el Instituto JHS - JHS Agroindustria\",\"isPartOf\":{\"@id\":\"https:\\\/\\\/jhs.com.ve\\\/site\\\/#website\"},\"primaryImageOfPage\":{\"@id\":\"https:\\\/\\\/jhs.com.ve\\\/site\\\/16432-2\\\/#primaryimage\"},\"image\":{\"@id\":\"https:\\\/\\\/jhs.com.ve\\\/site\\\/16432-2\\\/#primaryimage\"},\"thumbnailUrl\":\"https:\\\/\\\/jhs.com.ve\\\/site\\\/wp-content\\\/uploads\\\/2026\\\/09\\\/Induccion-IUTA-JHS.jpeg\",\"datePublished\":\"2026-09-01T13:45:21+00:00\",\"dateModified\":\"2026-09-01T15:29:06+00:00\",\"breadcrumb\":{\"@id\":\"https:\\\/\\\/jhs.com.ve\\\/site\\\/16432-2\\\/#breadcrumb\"},\"inLanguage\":\"es\",\"potentialAction\":[{\"@type\":\"ReadAction\",\"target\":[\"https:\\\/\\\/jhs.com.ve\\\/site\\\/16432-2\\\/\"]}]},{\"@type\":\"ImageObject\",\"inLanguage\":\"es\",\"@id\":\"https:\\\/\\\/jhs.com.ve\\\/site\\\/16432-2\\\/#primaryimage\",\"url\":\"https:\\\/\\\/jhs.com.ve\\\/site\\\/wp-content\\\/uploads\\\/2026\\\/09\\\/Induccion-IUTA-JHS.jpeg\",\"contentUrl\":\"https:\\\/\\\/jhs.com.ve\\\/site\\\/wp-content\\\/uploads\\\/2026\\\/09\\\/Induccion-IUTA-JHS.jpeg\",\"width\":1080,\"height\":810},{\"@type\":\"BreadcrumbList\",\"@id\":\"https:\\\/\\\/jhs.com.ve\\\/site\\\/16432-2\\\/#breadcrumb\",\"itemListElement\":[{\"@type\":\"ListItem\",\"position\":1,\"name\":\"Portada\",\"item\":\"https:\\\/\\\/jhs.com.ve\\\/site\\\/\"},{\"@type\":\"ListItem\",\"position\":2,\"name\":\"JHS Agroindustria conecta la formaci\u00f3n acad\u00e9mica con el ejercicio profesional en el Instituto JHS\"}]},{\"@type\":\"WebSite\",\"@id\":\"https:\\\/\\\/jhs.com.ve\\\/site\\\/#website\",\"url\":\"https:\\\/\\\/jhs.com.ve\\\/site\\\/\",\"name\":\"JHS Agroindustria\",\"description\":\"\",\"publisher\":{\"@id\":\"https:\\\/\\\/jhs.com.ve\\\/site\\\/#organization\"},\"potentialAction\":[{\"@type\":\"SearchAction\",\"target\":{\"@type\":\"EntryPoint\",\"urlTemplate\":\"https:\\\/\\\/jhs.com.ve\\\/site\\\/?s={search_term_string}\"},\"query-input\":{\"@type\":\"PropertyValueSpecification\",\"valueRequired\":true,\"valueName\":\"search_term_string\"}}],\"inLanguage\":\"es\"},{\"@type\":\"Organization\",\"@id\":\"https:\\\/\\\/jhs.com.ve\\\/site\\\/#organization\",\"name\":\"Grupo JHS\",\"url\":\"https:\\\/\\\/jhs.com.ve\\\/site\\\/\",\"logo\":{\"@type\":\"ImageObject\",\"inLanguage\":\"es\",\"@id\":\"https:\\\/\\\/jhs.com.ve\\\/site\\\/#\\\/schema\\\/logo\\\/image\\\/\",\"url\":\"https:\\\/\\\/jhs.com.ve\\\/site\\\/wp-content\\\/uploads\\\/2023\\\/10\\\/logo_jhs_c.png\",\"contentUrl\":\"https:\\\/\\\/jhs.com.ve\\\/site\\\/wp-content\\\/uploads\\\/2023\\\/10\\\/logo_jhs_c.png\",\"width\":240,\"height\":100,\"caption\":\"Grupo JHS\"},\"image\":{\"@id\":\"https:\\\/\\\/jhs.com.ve\\\/site\\\/#\\\/schema\\\/logo\\\/image\\\/\"}},{\"@type\":\"Person\",\"@id\":\"https:\\\/\\\/jhs.com.ve\\\/site\\\/#\\\/schema\\\/person\\\/0d1a5e15156799f55568e41ff2892d07\",\"name\":\"Prensa Grupo JHS\",\"image\":{\"@type\":\"ImageObject\",\"inLanguage\":\"es\",\"@id\":\"https:\\\/\\\/secure.gravatar.com\\\/avatar\\\/39a79e87e12c3f5f99a840172d98c8840a8988a9255b669c9ec68874ad09c940?s=96&d=mm&r=g\",\"url\":\"https:\\\/\\\/secure.gravatar.com\\\/avatar\\\/39a79e87e12c3f5f99a840172d98c8840a8988a9255b669c9ec68874ad09c940?s=96&d=mm&r=g\",\"contentUrl\":\"https:\\\/\\\/secure.gravatar.com\\\/avatar\\\/39a79e87e12c3f5f99a840172d98c8840a8988a9255b669c9ec68874ad09c940?s=96&d=mm&r=g\",\"caption\":\"Prensa Grupo JHS\"},\"url\":\"https:\\\/\\\/jhs.com.ve\\\/site\\\/author\\\/yoshua\\\/\"}]}<\/script>\n<!-- \/ Yoast SEO plugin. -->","yoast_head_json":{"title":"JHS Agroindustria conecta la formaci\u00f3n acad\u00e9mica con el ejercicio profesional en el Instituto JHS - JHS Agroindustria","robots":{"index":"index","follow":"follow","max-snippet":"max-snippet:-1","max-image-preview":"max-image-preview:large","max-video-preview":"max-video-preview:-1"},"canonical":"https:\/\/jhs.com.ve\/site\/16432-2\/","og_locale":"es_ES","og_type":"article","og_title":"JHS Agroindustria conecta la formaci\u00f3n acad\u00e9mica con el ejercicio profesional en el Instituto JHS - JHS Agroindustria","og_description":"JHS Agroindustria conecta la formaci\u00f3n acad\u00e9mica con el ejercicio profesional en el Instituto JHS Con la visi\u00f3n estrat\u00e9gica de tender un puente directo entre las aulas de clase y la realidad operativa del campo venezolano, representantes de diversas \u00e1reas clave de JHS Agroindustria realizaron un encuentro institucional en las instalaciones del Instituto Universitario JHS. La [&hellip;]","og_url":"https:\/\/jhs.com.ve\/site\/16432-2\/","og_site_name":"JHS Agroindustria","article_published_time":"2026-09-01T13:45:21+00:00","article_modified_time":"2026-09-01T15:29:06+00:00","og_image":[{"width":1080,"height":810,"url":"http:\/\/jhs.com.ve\/site\/wp-content\/uploads\/2026\/09\/Induccion-IUTA-JHS.jpeg","type":"image\/jpeg"}],"author":"Prensa Grupo JHS","twitter_card":"summary_large_image","twitter_misc":{"Escrito por":"Prensa Grupo JHS","Tiempo de lectura":"3 minutos"},"schema":{"@context":"https:\/\/schema.org","@graph":[{"@type":"Article","@id":"https:\/\/jhs.com.ve\/site\/16432-2\/#article","isPartOf":{"@id":"https:\/\/jhs.com.ve\/site\/16432-2\/"},"author":{"name":"Prensa Grupo JHS","@id":"https:\/\/jhs.com.ve\/site\/#\/schema\/person\/0d1a5e15156799f55568e41ff2892d07"},"headline":"JHS Agroindustria conecta la formaci\u00f3n acad\u00e9mica con el ejercicio profesional en el Instituto JHS","datePublished":"2026-09-01T13:45:21+00:00","dateModified":"2026-09-01T15:29:06+00:00","mainEntityOfPage":{"@id":"https:\/\/jhs.com.ve\/site\/16432-2\/"},"wordCount":576,"publisher":{"@id":"https:\/\/jhs.com.ve\/site\/#organization"},"image":{"@id":"https:\/\/jhs.com.ve\/site\/16432-2\/#primaryimage"},"thumbnailUrl":"https:\/\/jhs.com.ve\/site\/wp-content\/uploads\/2026\/09\/Induccion-IUTA-JHS.jpeg","keywords":["agroindustria","Educaci\u00f3n","egresados","Instituto Universitario JHS"],"articleSection":["INSTITUTO JHS"],"inLanguage":"es"},{"@type":"WebPage","@id":"https:\/\/jhs.com.ve\/site\/16432-2\/","url":"https:\/\/jhs.com.ve\/site\/16432-2\/","name":"JHS Agroindustria conecta la formaci\u00f3n acad\u00e9mica con el ejercicio profesional en el Instituto JHS - JHS Agroindustria","isPartOf":{"@id":"https:\/\/jhs.com.ve\/site\/#website"},"primaryImageOfPage":{"@id":"https:\/\/jhs.com.ve\/site\/16432-2\/#primaryimage"},"image":{"@id":"https:\/\/jhs.com.ve\/site\/16432-2\/#primaryimage"},"thumbnailUrl":"https:\/\/jhs.com.ve\/site\/wp-content\/uploads\/2026\/09\/Induccion-IUTA-JHS.jpeg","datePublished":"2026-09-01T13:45:21+00:00","dateModified":"2026-09-01T15:29:06+00:00","breadcrumb":{"@id":"https:\/\/jhs.com.ve\/site\/16432-2\/#breadcrumb"},"inLanguage":"es","potentialAction":[{"@type":"ReadAction","target":["https:\/\/jhs.com.ve\/site\/16432-2\/"]}]},{"@type":"ImageObject","inLanguage":"es","@id":"https:\/\/jhs.com.ve\/site\/16432-2\/#primaryimage","url":"https:\/\/jhs.com.ve\/site\/wp-content\/uploads\/2026\/09\/Induccion-IUTA-JHS.jpeg","contentUrl":"https:\/\/jhs.com.ve\/site\/wp-content\/uploads\/2026\/09\/Induccion-IUTA-JHS.jpeg","width":1080,"height":810},{"@type":"BreadcrumbList","@id":"https:\/\/jhs.com.ve\/site\/16432-2\/#breadcrumb","itemListElement":[{"@type":"ListItem","position":1,"name":"Portada","item":"https:\/\/jhs.com.ve\/site\/"},{"@type":"ListItem","position":2,"name":"JHS Agroindustria conecta la formaci\u00f3n acad\u00e9mica con el ejercicio profesional en el Instituto JHS"}]},{"@type":"WebSite","@id":"https:\/\/jhs.com.ve\/site\/#website","url":"https:\/\/jhs.com.ve\/site\/","name":"JHS Agroindustria","description":"","publisher":{"@id":"https:\/\/jhs.com.ve\/site\/#organization"},"potentialAction":[{"@type":"SearchAction","target":{"@type":"EntryPoint","urlTemplate":"https:\/\/jhs.com.ve\/site\/?s={search_term_string}"},"query-input":{"@type":"PropertyValueSpecification","valueRequired":true,"valueName":"search_term_string"}}],"inLanguage":"es"},{"@type":"Organization","@id":"https:\/\/jhs.com.ve\/site\/#organization","name":"Grupo JHS","url":"https:\/\/jhs.com.ve\/site\/","logo":{"@type":"ImageObject","inLanguage":"es","@id":"https:\/\/jhs.com.ve\/site\/#\/schema\/logo\/image\/","url":"https:\/\/jhs.com.ve\/site\/wp-content\/uploads\/2023\/10\/logo_jhs_c.png","contentUrl":"https:\/\/jhs.com.ve\/site\/wp-content\/uploads\/2023\/10\/logo_jhs_c.png","width":240,"height":100,"caption":"Grupo JHS"},"image":{"@id":"https:\/\/jhs.com.ve\/site\/#\/schema\/logo\/image\/"}},{"@type":"Person","@id":"https:\/\/jhs.com.ve\/site\/#\/schema\/person\/0d1a5e15156799f55568e41ff2892d07","name":"Prensa Grupo JHS","image":{"@type":"ImageObject","inLanguage":"es","@id":"https:\/\/secure.gravatar.com\/avatar\/39a79e87e12c3f5f99a840172d98c8840a8988a9255b669c9ec68874ad09c940?s=96&d=mm&r=g","url":"https:\/\/secure.gravatar.com\/avatar\/39a79e87e12c3f5f99a840172d98c8840a8988a9255b669c9ec68874ad09c940?s=96&d=mm&r=g","contentUrl":"https:\/\/secure.gravatar.com\/avatar\/39a79e87e12c3f5f99a840172d98c8840a8988a9255b669c9ec68874ad09c940?s=96&d=mm&r=g","caption":"Prensa Grupo JHS"},"url":"https:\/\/jhs.com.ve\/site\/author\/yoshua\/"}]}},"_links":{"self":[{"href":"https:\/\/jhs.com.ve\/site\/wp-json\/wp\/v2\/posts\/16432","targetHints":{"allow":["GET"]}}],"collection":[{"href":"https:\/\/jhs.com.ve\/site\/wp-json\/wp\/v2\/posts"}],"about":[{"href":"https:\/\/jhs.com.ve\/site\/wp-json\/wp\/v2\/types\/post"}],"author":[{"embeddable":true,"href":"https:\/\/jhs.com.ve\/site\/wp-json\/wp\/v2\/users\/4"}],"replies":[{"embeddable":true,"href":"https:\/\/jhs.com.ve\/site\/wp-json\/wp\/v2\/comments?post=16432"}],"version-history":[{"count":4,"href":"https:\/\/jhs.com.ve\/site\/wp-json\/wp\/v2\/posts\/16432\/revisions"}],"predecessor-version":[{"id":16437,"href":"https:\/\/jhs.com.ve\/site\/wp-json\/wp\/v2\/posts\/16432\/revisions\/16437"}],"wp:featuredmedia":[{"embeddable":true,"href":"https:\/\/jhs.com.ve\/site\/wp-json\/wp\/v2\/media\/16434"}],"wp:attachment":[{"href":"https:\/\/jhs.com.ve\/site\/wp-json\/wp\/v2\/media?parent=16432"}],"wp:term":[{"taxonomy":"category","embeddable":true,"href":"https:\/\/jhs.com.ve\/site\/wp-json\/wp\/v2\/categories?post=16432"},{"taxonomy":"post_tag","embeddable":true,"href":"https:\/\/jhs.com.ve\/site\/wp-json\/wp\/v2\/tags?post=16432"}],"curies":[{"name":"wp","href":"https:\/\/api.w.org\/{rel}","templated":true}]}}